{"id":5790,"date":"2020-08-25T20:32:38","date_gmt":"2020-08-25T20:32:38","guid":{"rendered":"https:\/\/wanep.gravitywebsolutionsgh.com\/?p=5790"},"modified":"2021-03-20T16:52:41","modified_gmt":"2021-03-20T16:52:41","slug":"policy-brief-on-cote-divoire-elections-2015-en-cote-divoire-entreprendre-la-reforme-electorale-ou-replonger-dans-la-crise","status":"publish","type":"post","link":"https:\/\/wanep.org\/wanep\/policy-brief-on-cote-divoire-elections-2015-en-cote-divoire-entreprendre-la-reforme-electorale-ou-replonger-dans-la-crise\/","title":{"rendered":"Policy Brief on C\u00f4te d&#8217;Ivoire:- Elections 2015 en C\u00f4te d&#8217;Ivoire: entreprendre la reforme electorale ou replonger dans la crise?"},"content":{"rendered":"<p>Le difficile apprentissage de la d\u00e9mocratie dans les pays de l\u2019Afrique au Sud du Sahara provoque des crises ouvertes qui emm\u00e8nent de plus en plus de citoyens lambda \u00e0 se demander si la d\u00e9mocratie est le r\u00e9gime qui convient \u00e0 ces pays. Cette question \u00e9videmment peut se poser lorsque l\u2019on ne compare pas suffisamment les progr\u00e8s enregistr\u00e9s au niveau des questions de droits humains. Comme le disait<br \/>\nBernard Stiegler, philosophe fran\u00e7ais : \u00abOnnepeutpasparlers\u00e9rieusementde lad\u00e9mocratiesil&#8217;onn&#8217;estpascapable d&#8217;envisager que d&#8217;autres mod\u00e8les politiques que ceux de la d\u00e9mocratie sont possibles \u00bb.<\/p>\n<p><a href=\"https:\/\/wanep.org\/wanep\/files\/2013\/nov\/pb_ci_nov_2013_fr.pdf\" target=\"_blank\" rel=\"noopener\">Download file here<\/a><\/p>\n","protected":false},"excerpt":{"rendered":"<p>Le difficile apprentissage de la d\u00e9mocratie dans les pays de l\u2019Afrique au Sud du Sahara provoque des crises ouvertes qui emm\u00e8nent de plus en plus de citoyens lambda \u00e0 se demander si la d\u00e9mocratie est le r\u00e9gime qui convient \u00e0 ces pays. Cette question \u00e9videmment peut se poser lorsque l\u2019on ne compare pas suffisamment les progr\u00e8s enregistr\u00e9s au niveau des questions de droits humains. Comme le disait Bernard Stiegler, philosophe fran\u00e7ais : \u00abOnnepeutpasparlers\u00e9rieusementde lad\u00e9mocratiesil&#8217;onn&#8217;estpascapable d&#8217;envisager que d&#8217;autres mod\u00e8les politiques que ceux de la d\u00e9mocratie sont possibles \u00bb. Download file here<\/p>\n","protected":false},"author":2,"featured_media":5792,"comment_status":"open","ping_status":"open","sticky":false,"template":"","format":"standard","meta":{"footnotes":""},"categories":[188],"tags":[],"class_list":["post-5790","post","type-post","status-publish","format-standard","has-post-thumbnail","hentry","category-policy-brief"],"_links":{"self":[{"href":"https:\/\/wanep.org\/wanep\/wp-json\/wp\/v2\/posts\/5790","targetHints":{"allow":["GET"]}}],"collection":[{"href":"https:\/\/wanep.org\/wanep\/wp-json\/wp\/v2\/posts"}],"about":[{"href":"https:\/\/wanep.org\/wanep\/wp-json\/wp\/v2\/types\/post"}],"author":[{"embeddable":true,"href":"https:\/\/wanep.org\/wanep\/wp-json\/wp\/v2\/users\/2"}],"replies":[{"embeddable":true,"href":"https:\/\/wanep.org\/wanep\/wp-json\/wp\/v2\/comments?post=5790"}],"version-history":[{"count":0,"href":"https:\/\/wanep.org\/wanep\/wp-json\/wp\/v2\/posts\/5790\/revisions"}],"wp:featuredmedia":[{"embeddable":true,"href":"https:\/\/wanep.org\/wanep\/wp-json\/"}],"wp:attachment":[{"href":"https:\/\/wanep.org\/wanep\/wp-json\/wp\/v2\/media?parent=5790"}],"wp:term":[{"taxonomy":"category","embeddable":true,"href":"https:\/\/wanep.org\/wanep\/wp-json\/wp\/v2\/categories?post=5790"},{"taxonomy":"post_tag","embeddable":true,"href":"https:\/\/wanep.org\/wanep\/wp-json\/wp\/v2\/tags?post=5790"}],"curies":[{"name":"wp","href":"https:\/\/api.w.org\/{rel}","templated":true}]}}